{"id":213,"date":"2016-07-19T22:33:52","date_gmt":"2016-07-19T20:33:52","guid":{"rendered":"http:\/\/lis-wellpappe.de\/wordpress\/?p=213"},"modified":"2016-07-20T11:35:21","modified_gmt":"2016-07-20T09:35:21","slug":"was-der-karton-leisten-muss","status":"publish","type":"post","link":"https:\/\/lis-wellpappe.de\/wordpress\/2016\/07\/19\/was-der-karton-leisten-muss\/","title":{"rendered":"Was der Karton leisten muss"},"content":{"rendered":"<p>Sta\u00adpel- u. Kan\u00adten\u00adstauch\u00adwie\u00adder\u00adst\u00e4n\u00adde sind selbst bei einem umsich\u00adti\u00adgen Trans\u00adport kaum zu ver\u00admei\u00adden. Um Ihre Ware nicht nur kos\u00adten\u00adg\u00fcns\u00adtig, son\u00addern vor allem unbe\u00adsch\u00e4\u00addigt von A nach B zu brin\u00adgen, muss der Kar\u00adton daher aus\u00adrei\u00adchend belast\u00adbar&nbsp;sein.<\/p>\n<p>Aus den zahl\u00adrei\u00adchen Kar\u00adton-Vari\u00adan\u00adten (Fef\u00adco) fin\u00adden wir gemein\u00adsam mit Ihnen die bes\u00adte L\u00f6sung.<\/p>\n<p>Soll der Kar\u00adton zus\u00e4tz\u00adlich noch ihr Logo, ein Bild oder Mus\u00adter tra\u00adgen? Sen\u00adden Sie uns ein\u00adfach die Druck\u00adda\u00adten zu und wir bedru\u00adcken ihn in gew\u00fcnsch\u00adter St\u00fcckzahl.<\/p>\n<p>&nbsp;<\/p>\n","protected":false},"excerpt":{"rendered":"<p>Sta\u00ad\u00adpel- u. Kan\u00adten\u00adstauch\u00adwie\u00adder\u00adst\u00e4n\u00adde sind selbst bei einem umsich\u00adti\u00adgen Trans\u00adport kaum zu ver\u00admei\u00adden. Um Ihre Ware nicht nur kos\u00adten\u00adg\u00fcns\u00adtig, son\u00addern vor allem unbe\u00adsch\u00e4\u00addigt von A nach B zu brin\u00adgen, muss der Kar\u00adton daher aus\u00adrei\u00adchend belast\u00adbar&nbsp;sein. Aus den zahl\u00adrei\u00adchen Kar\u00ad\u00adton-Vari\u00adan\u00ad\u00adten (Fef\u00adco) fin\u00adden wir gemein\u00adsam mit Ihnen die bes\u00adte L\u00f6sung. Soll der Karton\u2026<\/p>\n<p> <a class=\"continue-reading-link\" href=\"https:\/\/lis-wellpappe.de\/wordpress\/2016\/07\/19\/was-der-karton-leisten-muss\/\"><span>wei\u00adter\u00adle\u00adsen<\/span><i class=\"crycon-right-dir\"><\/i><\/a> <\/p>\n","protected":false},"author":1,"featured_media":0,"comment_status":"closed","ping_status":"closed","sticky":false,"template":"","format":"gallery","meta":{"wp_typography_post_enhancements_disabled":false,"footnotes":""},"categories":[10],"tags":[19,16,18,3,14,15,17,11,20,12,13],"class_list":["post-213","post","type-post","status-publish","format-gallery","hentry","category-produkte","tag-bedruckt","tag-bild","tag-druckdaten","tag-fefco","tag-kostenguenstig","tag-logo","tag-muster","tag-stapel-u-kantenstauchwiederstaende","tag-stueckzahl","tag-transportsicherheit","tag-unbeschaedigt","post_format-post-format-gallery"],"yoast_head":"<!-- This site is optimized with the Yoast SEO plugin v27.5 - https:\/\/yoast.com\/product\/yoast-seo-wordpress\/ -->\n<title>Was der Karton leisten muss - LIS L\u00fcbecker Industrie Service<\/title>\n<meta name=\"robots\" content=\"index, follow, max-snippet:-1, max-image-preview:large, max-video-preview:-1\" \/>\n<link rel=\"canonical\" href=\"https:\/\/lis-wellpappe.de\/wordpress\/2016\/07\/19\/was-der-karton-leisten-muss\/\" \/>\n<meta property=\"og:locale\" content=\"de_DE\" \/>\n<meta property=\"og:type\" content=\"article\" \/>\n<meta property=\"og:title\" content=\"Was der Karton leisten muss - LIS L\u00fcbecker Industrie Service\" \/>\n<meta property=\"og:description\" content=\"Sta\u00adpel- u. Kan\u00adten\u00adstauch\u00adwie\u00adder\u00adst\u00e4n\u00adde sind selbst bei einem umsich\u00adti\u00adgen Trans\u00adport kaum zu ver\u00admei\u00adden. Um Ihre Ware nicht nur kos\u00adten\u00adg\u00fcns\u00adtig, son\u00addern vor allem unbe\u00adsch\u00e4\u00addigt von A nach B zu brin\u00adgen, muss der Kar\u00adton daher aus\u00adrei\u00adchend belast\u00adbar&nbsp;sein. Aus den zahl\u00adrei\u00adchen Kar\u00adton-Vari\u00adan\u00adten (Fef\u00adco) fin\u00adden wir gemein\u00adsam mit Ihnen die bes\u00adte L\u00f6sung. Soll der Kar\u00adton\u2026 weiterlesen\" \/>\n<meta property=\"og:url\" content=\"https:\/\/lis-wellpappe.de\/wordpress\/2016\/07\/19\/was-der-karton-leisten-muss\/\" \/>\n<meta property=\"og:site_name\" content=\"LIS L\u00fcbecker Industrie Service\" \/>\n<meta property=\"article:published_time\" content=\"2016-07-19T20:33:52+00:00\" \/>\n<meta property=\"article:modified_time\" content=\"2016-07-20T09:35:21+00:00\" \/>\n<meta name=\"author\" content=\"Cheyenne Lehmann\" \/>\n<meta name=\"twitter:card\" content=\"summary_large_image\" \/>\n<meta name=\"twitter:label1\" content=\"Verfasst von\" \/>\n\t<meta name=\"twitter:data1\" content=\"Cheyenne Lehmann\" \/>\n<script type=\"application\/ld+json\" class=\"yoast-schema-graph\">{\"@context\":\"https:\\\/\\\/schema.org\",\"@graph\":[{\"@type\":\"Article\",\"@id\":\"https:\\\/\\\/lis-wellpappe.de\\\/wordpress\\\/2016\\\/07\\\/19\\\/was-der-karton-leisten-muss\\\/#article\",\"isPartOf\":{\"@id\":\"https:\\\/\\\/lis-wellpappe.de\\\/wordpress\\\/2016\\\/07\\\/19\\\/was-der-karton-leisten-muss\\\/\"},\"author\":{\"name\":\"Cheyenne Lehmann\",\"@id\":\"https:\\\/\\\/lis-wellpappe.de\\\/wordpress\\\/#\\\/schema\\\/person\\\/10d80d27c34b3ea0404595973d3a7319\"},\"headline\":\"Was der Karton leisten muss\",\"datePublished\":\"2016-07-19T20:33:52+00:00\",\"dateModified\":\"2016-07-20T09:35:21+00:00\",\"mainEntityOfPage\":{\"@id\":\"https:\\\/\\\/lis-wellpappe.de\\\/wordpress\\\/2016\\\/07\\\/19\\\/was-der-karton-leisten-muss\\\/\"},\"wordCount\":87,\"publisher\":{\"@id\":\"https:\\\/\\\/lis-wellpappe.de\\\/wordpress\\\/#organization\"},\"keywords\":[\"bedruckt\",\"Bild\",\"Druckdaten\",\"Fefco\",\"kosteng\u00fcnstig\",\"Logo\",\"Muster\",\"Stapel- u. Kantenstauchwiederst\u00e4nde\",\"St\u00fcckzahl\",\"Transportsicherheit\",\"unbesch\u00e4digt\"],\"articleSection\":[\"Produkte\"],\"inLanguage\":\"de\"},{\"@type\":\"WebPage\",\"@id\":\"https:\\\/\\\/lis-wellpappe.de\\\/wordpress\\\/2016\\\/07\\\/19\\\/was-der-karton-leisten-muss\\\/\",\"url\":\"https:\\\/\\\/lis-wellpappe.de\\\/wordpress\\\/2016\\\/07\\\/19\\\/was-der-karton-leisten-muss\\\/\",\"name\":\"Was der Karton leisten muss - LIS L\u00fcbecker Industrie Service\",\"isPartOf\":{\"@id\":\"https:\\\/\\\/lis-wellpappe.de\\\/wordpress\\\/#website\"},\"datePublished\":\"2016-07-19T20:33:52+00:00\",\"dateModified\":\"2016-07-20T09:35:21+00:00\",\"breadcrumb\":{\"@id\":\"https:\\\/\\\/lis-wellpappe.de\\\/wordpress\\\/2016\\\/07\\\/19\\\/was-der-karton-leisten-muss\\\/#breadcrumb\"},\"inLanguage\":\"de\",\"potentialAction\":[{\"@type\":\"ReadAction\",\"target\":[\"https:\\\/\\\/lis-wellpappe.de\\\/wordpress\\\/2016\\\/07\\\/19\\\/was-der-karton-leisten-muss\\\/\"]}]},{\"@type\":\"BreadcrumbList\",\"@id\":\"https:\\\/\\\/lis-wellpappe.de\\\/wordpress\\\/2016\\\/07\\\/19\\\/was-der-karton-leisten-muss\\\/#breadcrumb\",\"itemListElement\":[{\"@type\":\"ListItem\",\"position\":1,\"name\":\"Startseite\",\"item\":\"https:\\\/\\\/lis-wellpappe.de\\\/wordpress\\\/\"},{\"@type\":\"ListItem\",\"position\":2,\"name\":\"Was der Karton leisten muss\"}]},{\"@type\":\"WebSite\",\"@id\":\"https:\\\/\\\/lis-wellpappe.de\\\/wordpress\\\/#website\",\"url\":\"https:\\\/\\\/lis-wellpappe.de\\\/wordpress\\\/\",\"name\":\"LIS L\u00fcbecker Industrie Service\",\"description\":\"Konstruktive Verpackungen aus Wellpappe\",\"publisher\":{\"@id\":\"https:\\\/\\\/lis-wellpappe.de\\\/wordpress\\\/#organization\"},\"potentialAction\":[{\"@type\":\"SearchAction\",\"target\":{\"@type\":\"EntryPoint\",\"urlTemplate\":\"https:\\\/\\\/lis-wellpappe.de\\\/wordpress\\\/?s={search_term_string}\"},\"query-input\":{\"@type\":\"PropertyValueSpecification\",\"valueRequired\":true,\"valueName\":\"search_term_string\"}}],\"inLanguage\":\"de\"},{\"@type\":\"Organization\",\"@id\":\"https:\\\/\\\/lis-wellpappe.de\\\/wordpress\\\/#organization\",\"name\":\"LIS L\u00fcbecker Industrie Service\",\"url\":\"https:\\\/\\\/lis-wellpappe.de\\\/wordpress\\\/\",\"logo\":{\"@type\":\"ImageObject\",\"inLanguage\":\"de\",\"@id\":\"https:\\\/\\\/lis-wellpappe.de\\\/wordpress\\\/#\\\/schema\\\/logo\\\/image\\\/\",\"url\":\"https:\\\/\\\/lis-wellpappe.de\\\/wordpress\\\/wp-content\\\/uploads\\\/2017\\\/03\\\/logo.png\",\"contentUrl\":\"https:\\\/\\\/lis-wellpappe.de\\\/wordpress\\\/wp-content\\\/uploads\\\/2017\\\/03\\\/logo.png\",\"width\":671,\"height\":235,\"caption\":\"LIS L\u00fcbecker Industrie Service\"},\"image\":{\"@id\":\"https:\\\/\\\/lis-wellpappe.de\\\/wordpress\\\/#\\\/schema\\\/logo\\\/image\\\/\"}},{\"@type\":\"Person\",\"@id\":\"https:\\\/\\\/lis-wellpappe.de\\\/wordpress\\\/#\\\/schema\\\/person\\\/10d80d27c34b3ea0404595973d3a7319\",\"name\":\"Cheyenne Lehmann\",\"sameAs\":[\"https:\\\/\\\/lis-wellpappe.de\\\/wordpress\"]}]}<\/script>\n<!-- \/ Yoast SEO plugin. -->","yoast_head_json":{"title":"Was der Karton leisten muss - LIS L\u00fcbecker Industrie Service","robots":{"index":"index","follow":"follow","max-snippet":"max-snippet:-1","max-image-preview":"max-image-preview:large","max-video-preview":"max-video-preview:-1"},"canonical":"https:\/\/lis-wellpappe.de\/wordpress\/2016\/07\/19\/was-der-karton-leisten-muss\/","og_locale":"de_DE","og_type":"article","og_title":"Was der Karton leisten muss - LIS L\u00fcbecker Industrie Service","og_description":"Sta\u00adpel- u. Kan\u00adten\u00adstauch\u00adwie\u00adder\u00adst\u00e4n\u00adde sind selbst bei einem umsich\u00adti\u00adgen Trans\u00adport kaum zu ver\u00admei\u00adden. Um Ihre Ware nicht nur kos\u00adten\u00adg\u00fcns\u00adtig, son\u00addern vor allem unbe\u00adsch\u00e4\u00addigt von A nach B zu brin\u00adgen, muss der Kar\u00adton daher aus\u00adrei\u00adchend belast\u00adbar&nbsp;sein. Aus den zahl\u00adrei\u00adchen Kar\u00adton-Vari\u00adan\u00adten (Fef\u00adco) fin\u00adden wir gemein\u00adsam mit Ihnen die bes\u00adte L\u00f6sung. Soll der Kar\u00adton\u2026 weiterlesen","og_url":"https:\/\/lis-wellpappe.de\/wordpress\/2016\/07\/19\/was-der-karton-leisten-muss\/","og_site_name":"LIS L\u00fcbecker Industrie Service","article_published_time":"2016-07-19T20:33:52+00:00","article_modified_time":"2016-07-20T09:35:21+00:00","author":"Cheyenne Lehmann","twitter_card":"summary_large_image","twitter_misc":{"Verfasst von":"Cheyenne Lehmann"},"schema":{"@context":"https:\/\/schema.org","@graph":[{"@type":"Article","@id":"https:\/\/lis-wellpappe.de\/wordpress\/2016\/07\/19\/was-der-karton-leisten-muss\/#article","isPartOf":{"@id":"https:\/\/lis-wellpappe.de\/wordpress\/2016\/07\/19\/was-der-karton-leisten-muss\/"},"author":{"name":"Cheyenne Lehmann","@id":"https:\/\/lis-wellpappe.de\/wordpress\/#\/schema\/person\/10d80d27c34b3ea0404595973d3a7319"},"headline":"Was der Karton leisten muss","datePublished":"2016-07-19T20:33:52+00:00","dateModified":"2016-07-20T09:35:21+00:00","mainEntityOfPage":{"@id":"https:\/\/lis-wellpappe.de\/wordpress\/2016\/07\/19\/was-der-karton-leisten-muss\/"},"wordCount":87,"publisher":{"@id":"https:\/\/lis-wellpappe.de\/wordpress\/#organization"},"keywords":["bedruckt","Bild","Druckdaten","Fefco","kosteng\u00fcnstig","Logo","Muster","Stapel- u. Kantenstauchwiederst\u00e4nde","St\u00fcckzahl","Transportsicherheit","unbesch\u00e4digt"],"articleSection":["Produkte"],"inLanguage":"de"},{"@type":"WebPage","@id":"https:\/\/lis-wellpappe.de\/wordpress\/2016\/07\/19\/was-der-karton-leisten-muss\/","url":"https:\/\/lis-wellpappe.de\/wordpress\/2016\/07\/19\/was-der-karton-leisten-muss\/","name":"Was der Karton leisten muss - LIS L\u00fcbecker Industrie Service","isPartOf":{"@id":"https:\/\/lis-wellpappe.de\/wordpress\/#website"},"datePublished":"2016-07-19T20:33:52+00:00","dateModified":"2016-07-20T09:35:21+00:00","breadcrumb":{"@id":"https:\/\/lis-wellpappe.de\/wordpress\/2016\/07\/19\/was-der-karton-leisten-muss\/#breadcrumb"},"inLanguage":"de","potentialAction":[{"@type":"ReadAction","target":["https:\/\/lis-wellpappe.de\/wordpress\/2016\/07\/19\/was-der-karton-leisten-muss\/"]}]},{"@type":"BreadcrumbList","@id":"https:\/\/lis-wellpappe.de\/wordpress\/2016\/07\/19\/was-der-karton-leisten-muss\/#breadcrumb","itemListElement":[{"@type":"ListItem","position":1,"name":"Startseite","item":"https:\/\/lis-wellpappe.de\/wordpress\/"},{"@type":"ListItem","position":2,"name":"Was der Karton leisten muss"}]},{"@type":"WebSite","@id":"https:\/\/lis-wellpappe.de\/wordpress\/#website","url":"https:\/\/lis-wellpappe.de\/wordpress\/","name":"LIS L\u00fcbecker Industrie Service","description":"Konstruktive Verpackungen aus Wellpappe","publisher":{"@id":"https:\/\/lis-wellpappe.de\/wordpress\/#organization"},"potentialAction":[{"@type":"SearchAction","target":{"@type":"EntryPoint","urlTemplate":"https:\/\/lis-wellpappe.de\/wordpress\/?s={search_term_string}"},"query-input":{"@type":"PropertyValueSpecification","valueRequired":true,"valueName":"search_term_string"}}],"inLanguage":"de"},{"@type":"Organization","@id":"https:\/\/lis-wellpappe.de\/wordpress\/#organization","name":"LIS L\u00fcbecker Industrie Service","url":"https:\/\/lis-wellpappe.de\/wordpress\/","logo":{"@type":"ImageObject","inLanguage":"de","@id":"https:\/\/lis-wellpappe.de\/wordpress\/#\/schema\/logo\/image\/","url":"https:\/\/lis-wellpappe.de\/wordpress\/wp-content\/uploads\/2017\/03\/logo.png","contentUrl":"https:\/\/lis-wellpappe.de\/wordpress\/wp-content\/uploads\/2017\/03\/logo.png","width":671,"height":235,"caption":"LIS L\u00fcbecker Industrie Service"},"image":{"@id":"https:\/\/lis-wellpappe.de\/wordpress\/#\/schema\/logo\/image\/"}},{"@type":"Person","@id":"https:\/\/lis-wellpappe.de\/wordpress\/#\/schema\/person\/10d80d27c34b3ea0404595973d3a7319","name":"Cheyenne Lehmann","sameAs":["https:\/\/lis-wellpappe.de\/wordpress"]}]}},"_links":{"self":[{"href":"https:\/\/lis-wellpappe.de\/wordpress\/wp-json\/wp\/v2\/posts\/213","targetHints":{"allow":["GET"]}}],"collection":[{"href":"https:\/\/lis-wellpappe.de\/wordpress\/wp-json\/wp\/v2\/posts"}],"about":[{"href":"https:\/\/lis-wellpappe.de\/wordpress\/wp-json\/wp\/v2\/types\/post"}],"author":[{"embeddable":true,"href":"https:\/\/lis-wellpappe.de\/wordpress\/wp-json\/wp\/v2\/users\/1"}],"replies":[{"embeddable":true,"href":"https:\/\/lis-wellpappe.de\/wordpress\/wp-json\/wp\/v2\/comments?post=213"}],"version-history":[{"count":1,"href":"https:\/\/lis-wellpappe.de\/wordpress\/wp-json\/wp\/v2\/posts\/213\/revisions"}],"predecessor-version":[{"id":215,"href":"https:\/\/lis-wellpappe.de\/wordpress\/wp-json\/wp\/v2\/posts\/213\/revisions\/215"}],"wp:attachment":[{"href":"https:\/\/lis-wellpappe.de\/wordpress\/wp-json\/wp\/v2\/media?parent=213"}],"wp:term":[{"taxonomy":"category","embeddable":true,"href":"https:\/\/lis-wellpappe.de\/wordpress\/wp-json\/wp\/v2\/categories?post=213"},{"taxonomy":"post_tag","embeddable":true,"href":"https:\/\/lis-wellpappe.de\/wordpress\/wp-json\/wp\/v2\/tags?post=213"}],"curies":[{"name":"wp","href":"https:\/\/api.w.org\/{rel}","templated":true}]}}